{"id":226315,"date":"2026-04-19T20:45:20","date_gmt":"2026-04-19T18:45:20","guid":{"rendered":"https:\/\/wildhornhuette.ch\/fin-de-la-saison\/"},"modified":"2026-04-19T20:45:20","modified_gmt":"2026-04-19T18:45:20","slug":"fin-de-la-saison","status":"publish","type":"post","link":"https:\/\/wildhornhuette.ch\/fr\/fin-de-la-saison\/","title":{"rendered":"Fin de la saison"},"content":{"rendered":"<p style=\"margin-bottom: 5px\">La saison d&rsquo;hiver s&rsquo;est termin\u00e9e le 19 avril 2026.<\/p>\n<p style=\"margin-bottom: 5px\">Merci beaucoup d&rsquo;avoir visit\u00e9 notre refuge !<\/p>\n<p style=\"margin-bottom: 5px\">Pendant l&rsquo;intersaison, AUCUN LOCAL D&rsquo;HIVER n&rsquo;est disponible.<\/p>\n","protected":false},"excerpt":{"rendered":"<p>La saison d&rsquo;hiver s&rsquo;est termin\u00e9e le 19 avril 2026. Merci beaucoup d&rsquo;avoir visit\u00e9 notre refuge ! Pendant l&rsquo;intersaison, AUCUN LOCAL D&rsquo;HIVER n&rsquo;est disponible.<\/p>\n","protected":false},"author":4,"featured_media":226312,"comment_status":"closed","ping_status":"closed","sticky":false,"template":"","format":"standard","meta":{"_et_pb_use_builder":"","_et_pb_old_content":"","_et_gb_content_width":"","footnotes":""},"categories":[40],"tags":[],"class_list":["post-226315","post","type-post","status-publish","format-standard","has-post-thumbnail","hentry","category-news-fr"],"yoast_head":"<title>Fin de la saison - Wildhornh\u00fctte SAC<\/title>\n<meta name=\"robots\" content=\"index, follow, max-snippet:-1, max-image-preview:large, max-video-preview:-1\" \/>\n<link rel=\"canonical\" href=\"https:\/\/wildhornhuette.ch\/fr\/fin-de-la-saison\/\" \/>\n<meta property=\"og:locale\" content=\"fr_FR\" \/>\n<meta property=\"og:type\" content=\"article\" \/>\n<meta property=\"og:title\" content=\"Fin de la saison - Wildhornh\u00fctte SAC\" \/>\n<meta property=\"og:description\" content=\"La saison d&rsquo;hiver s&rsquo;est termin\u00e9e le 19 avril 2026. Merci beaucoup d&rsquo;avoir visit\u00e9 notre refuge ! Pendant l&rsquo;intersaison, AUCUN LOCAL D&rsquo;HIVER n&rsquo;est disponible.\" \/>\n<meta property=\"og:url\" content=\"https:\/\/wildhornhuette.ch\/fr\/fin-de-la-saison\/\" \/>\n<meta property=\"og:site_name\" content=\"Wildhornh\u00fctte SAC\" \/>\n<meta property=\"article:publisher\" content=\"https:\/\/www.facebook.com\/wildhorn\/\" \/>\n<meta property=\"article:published_time\" content=\"2026-04-19T18:45:20+00:00\" \/>\n<meta name=\"author\" content=\"PostingMLS\" \/>\n<meta name=\"twitter:card\" content=\"summary_large_image\" \/>\n<meta name=\"twitter:label1\" content=\"\u00c9crit par\" \/>\n\t<meta name=\"twitter:data1\" content=\"PostingMLS\" \/>\n<script type=\"application\/ld+json\" class=\"yoast-schema-graph\">{\"@context\":\"https:\\\/\\\/schema.org\",\"@graph\":[{\"@type\":\"Article\",\"@id\":\"https:\\\/\\\/wildhornhuette.ch\\\/fr\\\/fin-de-la-saison\\\/#article\",\"isPartOf\":{\"@id\":\"https:\\\/\\\/wildhornhuette.ch\\\/fr\\\/fin-de-la-saison\\\/\"},\"author\":{\"name\":\"PostingMLS\",\"@id\":\"https:\\\/\\\/wildhornhuette.ch\\\/#\\\/schema\\\/person\\\/5fb3ec1df7e602ed9ddb062cc91842a6\"},\"headline\":\"Fin de la saison\",\"datePublished\":\"2026-04-19T18:45:20+00:00\",\"mainEntityOfPage\":{\"@id\":\"https:\\\/\\\/wildhornhuette.ch\\\/fr\\\/fin-de-la-saison\\\/\"},\"wordCount\":31,\"publisher\":{\"@id\":\"https:\\\/\\\/wildhornhuette.ch\\\/#organization\"},\"image\":{\"@id\":\"https:\\\/\\\/wildhornhuette.ch\\\/fr\\\/fin-de-la-saison\\\/#primaryimage\"},\"thumbnailUrl\":\"https:\\\/\\\/wildhornhuette.ch\\\/wp-content\\\/uploads\\\/2026\\\/04\\\/1776624292post-image83-1.jpeg\",\"articleSection\":[\"News-Franz\u00f6sisch\"],\"inLanguage\":\"fr-FR\"},{\"@type\":\"WebPage\",\"@id\":\"https:\\\/\\\/wildhornhuette.ch\\\/fr\\\/fin-de-la-saison\\\/\",\"url\":\"https:\\\/\\\/wildhornhuette.ch\\\/fr\\\/fin-de-la-saison\\\/\",\"name\":\"Fin de la saison - Wildhornh\u00fctte SAC\",\"isPartOf\":{\"@id\":\"https:\\\/\\\/wildhornhuette.ch\\\/#website\"},\"primaryImageOfPage\":{\"@id\":\"https:\\\/\\\/wildhornhuette.ch\\\/fr\\\/fin-de-la-saison\\\/#primaryimage\"},\"image\":{\"@id\":\"https:\\\/\\\/wildhornhuette.ch\\\/fr\\\/fin-de-la-saison\\\/#primaryimage\"},\"thumbnailUrl\":\"https:\\\/\\\/wildhornhuette.ch\\\/wp-content\\\/uploads\\\/2026\\\/04\\\/1776624292post-image83-1.jpeg\",\"datePublished\":\"2026-04-19T18:45:20+00:00\",\"breadcrumb\":{\"@id\":\"https:\\\/\\\/wildhornhuette.ch\\\/fr\\\/fin-de-la-saison\\\/#breadcrumb\"},\"inLanguage\":\"fr-FR\",\"potentialAction\":[{\"@type\":\"ReadAction\",\"target\":[\"https:\\\/\\\/wildhornhuette.ch\\\/fr\\\/fin-de-la-saison\\\/\"]}]},{\"@type\":\"ImageObject\",\"inLanguage\":\"fr-FR\",\"@id\":\"https:\\\/\\\/wildhornhuette.ch\\\/fr\\\/fin-de-la-saison\\\/#primaryimage\",\"url\":\"https:\\\/\\\/wildhornhuette.ch\\\/wp-content\\\/uploads\\\/2026\\\/04\\\/1776624292post-image83-1.jpeg\",\"contentUrl\":\"https:\\\/\\\/wildhornhuette.ch\\\/wp-content\\\/uploads\\\/2026\\\/04\\\/1776624292post-image83-1.jpeg\",\"width\":1760,\"height\":1320},{\"@type\":\"BreadcrumbList\",\"@id\":\"https:\\\/\\\/wildhornhuette.ch\\\/fr\\\/fin-de-la-saison\\\/#breadcrumb\",\"itemListElement\":[{\"@type\":\"ListItem\",\"position\":1,\"name\":\"Home\",\"item\":\"https:\\\/\\\/wildhornhuette.ch\\\/fr\\\/\"},{\"@type\":\"ListItem\",\"position\":2,\"name\":\"Fin de la saison\"}]},{\"@type\":\"WebSite\",\"@id\":\"https:\\\/\\\/wildhornhuette.ch\\\/#website\",\"url\":\"https:\\\/\\\/wildhornhuette.ch\\\/\",\"name\":\"Wildhornh\u00fctte SAC\",\"description\":\"auf 2303 m.\u00fc.M. im Naturschutzgebiet Gelten-Iffigen, am Fusse des Wildhorns\",\"publisher\":{\"@id\":\"https:\\\/\\\/wildhornhuette.ch\\\/#organization\"},\"potentialAction\":[{\"@type\":\"SearchAction\",\"target\":{\"@type\":\"EntryPoint\",\"urlTemplate\":\"https:\\\/\\\/wildhornhuette.ch\\\/?s={search_term_string}\"},\"query-input\":{\"@type\":\"PropertyValueSpecification\",\"valueRequired\":true,\"valueName\":\"search_term_string\"}}],\"inLanguage\":\"fr-FR\"},{\"@type\":\"Organization\",\"@id\":\"https:\\\/\\\/wildhornhuette.ch\\\/#organization\",\"name\":\"Wildhornh\u00fctte SAC\",\"url\":\"https:\\\/\\\/wildhornhuette.ch\\\/\",\"logo\":{\"@type\":\"ImageObject\",\"inLanguage\":\"fr-FR\",\"@id\":\"https:\\\/\\\/wildhornhuette.ch\\\/#\\\/schema\\\/logo\\\/image\\\/\",\"url\":\"https:\\\/\\\/wildhornhuette.ch\\\/wp-content\\\/uploads\\\/2019\\\/07\\\/logo-wildhorn_rgb.png\",\"contentUrl\":\"https:\\\/\\\/wildhornhuette.ch\\\/wp-content\\\/uploads\\\/2019\\\/07\\\/logo-wildhorn_rgb.png\",\"width\":244,\"height\":122,\"caption\":\"Wildhornh\u00fctte SAC\"},\"image\":{\"@id\":\"https:\\\/\\\/wildhornhuette.ch\\\/#\\\/schema\\\/logo\\\/image\\\/\"},\"sameAs\":[\"https:\\\/\\\/www.facebook.com\\\/wildhorn\\\/\",\"https:\\\/\\\/www.instagram.com\\\/wildhornhuette_sac\\\/\"]},{\"@type\":\"Person\",\"@id\":\"https:\\\/\\\/wildhornhuette.ch\\\/#\\\/schema\\\/person\\\/5fb3ec1df7e602ed9ddb062cc91842a6\",\"name\":\"PostingMLS\",\"image\":{\"@type\":\"ImageObject\",\"inLanguage\":\"fr-FR\",\"@id\":\"https:\\\/\\\/secure.gravatar.com\\\/avatar\\\/e0aa458ff639657acb12d6d57958951cff9a75f7fc6765deaf8dd664a2ac6fd8?s=96&d=mm&r=g\",\"url\":\"https:\\\/\\\/secure.gravatar.com\\\/avatar\\\/e0aa458ff639657acb12d6d57958951cff9a75f7fc6765deaf8dd664a2ac6fd8?s=96&d=mm&r=g\",\"contentUrl\":\"https:\\\/\\\/secure.gravatar.com\\\/avatar\\\/e0aa458ff639657acb12d6d57958951cff9a75f7fc6765deaf8dd664a2ac6fd8?s=96&d=mm&r=g\",\"caption\":\"PostingMLS\"}}]}<\/script>","yoast_head_json":{"title":"Fin de la saison - Wildhornh\u00fctte SAC","robots":{"index":"index","follow":"follow","max-snippet":"max-snippet:-1","max-image-preview":"max-image-preview:large","max-video-preview":"max-video-preview:-1"},"canonical":"https:\/\/wildhornhuette.ch\/fr\/fin-de-la-saison\/","og_locale":"fr_FR","og_type":"article","og_title":"Fin de la saison - Wildhornh\u00fctte SAC","og_description":"La saison d&rsquo;hiver s&rsquo;est termin\u00e9e le 19 avril 2026. Merci beaucoup d&rsquo;avoir visit\u00e9 notre refuge ! Pendant l&rsquo;intersaison, AUCUN LOCAL D&rsquo;HIVER n&rsquo;est disponible.","og_url":"https:\/\/wildhornhuette.ch\/fr\/fin-de-la-saison\/","og_site_name":"Wildhornh\u00fctte SAC","article_publisher":"https:\/\/www.facebook.com\/wildhorn\/","article_published_time":"2026-04-19T18:45:20+00:00","author":"PostingMLS","twitter_card":"summary_large_image","twitter_misc":{"\u00c9crit par":"PostingMLS"},"schema":{"@context":"https:\/\/schema.org","@graph":[{"@type":"Article","@id":"https:\/\/wildhornhuette.ch\/fr\/fin-de-la-saison\/#article","isPartOf":{"@id":"https:\/\/wildhornhuette.ch\/fr\/fin-de-la-saison\/"},"author":{"name":"PostingMLS","@id":"https:\/\/wildhornhuette.ch\/#\/schema\/person\/5fb3ec1df7e602ed9ddb062cc91842a6"},"headline":"Fin de la saison","datePublished":"2026-04-19T18:45:20+00:00","mainEntityOfPage":{"@id":"https:\/\/wildhornhuette.ch\/fr\/fin-de-la-saison\/"},"wordCount":31,"publisher":{"@id":"https:\/\/wildhornhuette.ch\/#organization"},"image":{"@id":"https:\/\/wildhornhuette.ch\/fr\/fin-de-la-saison\/#primaryimage"},"thumbnailUrl":"https:\/\/wildhornhuette.ch\/wp-content\/uploads\/2026\/04\/1776624292post-image83-1.jpeg","articleSection":["News-Franz\u00f6sisch"],"inLanguage":"fr-FR"},{"@type":"WebPage","@id":"https:\/\/wildhornhuette.ch\/fr\/fin-de-la-saison\/","url":"https:\/\/wildhornhuette.ch\/fr\/fin-de-la-saison\/","name":"Fin de la saison - Wildhornh\u00fctte SAC","isPartOf":{"@id":"https:\/\/wildhornhuette.ch\/#website"},"primaryImageOfPage":{"@id":"https:\/\/wildhornhuette.ch\/fr\/fin-de-la-saison\/#primaryimage"},"image":{"@id":"https:\/\/wildhornhuette.ch\/fr\/fin-de-la-saison\/#primaryimage"},"thumbnailUrl":"https:\/\/wildhornhuette.ch\/wp-content\/uploads\/2026\/04\/1776624292post-image83-1.jpeg","datePublished":"2026-04-19T18:45:20+00:00","breadcrumb":{"@id":"https:\/\/wildhornhuette.ch\/fr\/fin-de-la-saison\/#breadcrumb"},"inLanguage":"fr-FR","potentialAction":[{"@type":"ReadAction","target":["https:\/\/wildhornhuette.ch\/fr\/fin-de-la-saison\/"]}]},{"@type":"ImageObject","inLanguage":"fr-FR","@id":"https:\/\/wildhornhuette.ch\/fr\/fin-de-la-saison\/#primaryimage","url":"https:\/\/wildhornhuette.ch\/wp-content\/uploads\/2026\/04\/1776624292post-image83-1.jpeg","contentUrl":"https:\/\/wildhornhuette.ch\/wp-content\/uploads\/2026\/04\/1776624292post-image83-1.jpeg","width":1760,"height":1320},{"@type":"BreadcrumbList","@id":"https:\/\/wildhornhuette.ch\/fr\/fin-de-la-saison\/#breadcrumb","itemListElement":[{"@type":"ListItem","position":1,"name":"Home","item":"https:\/\/wildhornhuette.ch\/fr\/"},{"@type":"ListItem","position":2,"name":"Fin de la saison"}]},{"@type":"WebSite","@id":"https:\/\/wildhornhuette.ch\/#website","url":"https:\/\/wildhornhuette.ch\/","name":"Wildhornh\u00fctte SAC","description":"auf 2303 m.\u00fc.M. im Naturschutzgebiet Gelten-Iffigen, am Fusse des Wildhorns","publisher":{"@id":"https:\/\/wildhornhuette.ch\/#organization"},"potentialAction":[{"@type":"SearchAction","target":{"@type":"EntryPoint","urlTemplate":"https:\/\/wildhornhuette.ch\/?s={search_term_string}"},"query-input":{"@type":"PropertyValueSpecification","valueRequired":true,"valueName":"search_term_string"}}],"inLanguage":"fr-FR"},{"@type":"Organization","@id":"https:\/\/wildhornhuette.ch\/#organization","name":"Wildhornh\u00fctte SAC","url":"https:\/\/wildhornhuette.ch\/","logo":{"@type":"ImageObject","inLanguage":"fr-FR","@id":"https:\/\/wildhornhuette.ch\/#\/schema\/logo\/image\/","url":"https:\/\/wildhornhuette.ch\/wp-content\/uploads\/2019\/07\/logo-wildhorn_rgb.png","contentUrl":"https:\/\/wildhornhuette.ch\/wp-content\/uploads\/2019\/07\/logo-wildhorn_rgb.png","width":244,"height":122,"caption":"Wildhornh\u00fctte SAC"},"image":{"@id":"https:\/\/wildhornhuette.ch\/#\/schema\/logo\/image\/"},"sameAs":["https:\/\/www.facebook.com\/wildhorn\/","https:\/\/www.instagram.com\/wildhornhuette_sac\/"]},{"@type":"Person","@id":"https:\/\/wildhornhuette.ch\/#\/schema\/person\/5fb3ec1df7e602ed9ddb062cc91842a6","name":"PostingMLS","image":{"@type":"ImageObject","inLanguage":"fr-FR","@id":"https:\/\/secure.gravatar.com\/avatar\/e0aa458ff639657acb12d6d57958951cff9a75f7fc6765deaf8dd664a2ac6fd8?s=96&d=mm&r=g","url":"https:\/\/secure.gravatar.com\/avatar\/e0aa458ff639657acb12d6d57958951cff9a75f7fc6765deaf8dd664a2ac6fd8?s=96&d=mm&r=g","contentUrl":"https:\/\/secure.gravatar.com\/avatar\/e0aa458ff639657acb12d6d57958951cff9a75f7fc6765deaf8dd664a2ac6fd8?s=96&d=mm&r=g","caption":"PostingMLS"}}]}},"_links":{"self":[{"href":"https:\/\/wildhornhuette.ch\/fr\/wp-json\/wp\/v2\/posts\/226315","targetHints":{"allow":["GET"]}}],"collection":[{"href":"https:\/\/wildhornhuette.ch\/fr\/wp-json\/wp\/v2\/posts"}],"about":[{"href":"https:\/\/wildhornhuette.ch\/fr\/wp-json\/wp\/v2\/types\/post"}],"author":[{"embeddable":true,"href":"https:\/\/wildhornhuette.ch\/fr\/wp-json\/wp\/v2\/users\/4"}],"replies":[{"embeddable":true,"href":"https:\/\/wildhornhuette.ch\/fr\/wp-json\/wp\/v2\/comments?post=226315"}],"version-history":[{"count":0,"href":"https:\/\/wildhornhuette.ch\/fr\/wp-json\/wp\/v2\/posts\/226315\/revisions"}],"wp:featuredmedia":[{"embeddable":true,"href":"https:\/\/wildhornhuette.ch\/fr\/wp-json\/wp\/v2\/media\/226312"}],"wp:attachment":[{"href":"https:\/\/wildhornhuette.ch\/fr\/wp-json\/wp\/v2\/media?parent=226315"}],"wp:term":[{"taxonomy":"category","embeddable":true,"href":"https:\/\/wildhornhuette.ch\/fr\/wp-json\/wp\/v2\/categories?post=226315"},{"taxonomy":"post_tag","embeddable":true,"href":"https:\/\/wildhornhuette.ch\/fr\/wp-json\/wp\/v2\/tags?post=226315"}],"curies":[{"name":"wp","href":"https:\/\/api.w.org\/{rel}","templated":true}]}}